{"id":1574,"date":"2024-06-10T12:28:00","date_gmt":"2024-06-10T10:28:00","guid":{"rendered":"http:\/\/philao.fr\/?p=1574"},"modified":"2025-07-02T09:15:12","modified_gmt":"2025-07-02T07:15:12","slug":"le-coaching-pour-commercants-un-outil-indispensable","status":"publish","type":"post","link":"http:\/\/philao.fr\/?p=1574","title":{"rendered":"Le coaching pour commer\u00e7ants, \u00ab un outil indispensable \u00bb"},"content":{"rendered":"\n<h2 class=\"wp-block-heading\">Le dispositif \nd\u2019accompagnement des commer\u00e7ants dresse un bilan positif, un an apr\u00e8s sa\n mise en place. \u00c0 travers ce coaching, Morlaix Co entend notamment \np\u00e9renniser les commerces de centres-villes.<\/h2>\n\n\n\n<p>  C\u2019est en \njuin&nbsp;2020 qu\u2019\u00e9mane le dispositif de coaching pour les commer\u00e7ants, \nsoutenu par Morlaix Communaut\u00e9. Laurent Derbois, un Plourinois de 43 \nans, est recrut\u00e9 par Morlaix Co.&nbsp;<a href=\"https:\/\/www.letelegramme.fr\/finistere\/morlaix\/laurent-derbois-nouveau-monsieur-commerce-a-morlaix-19-10-2020-12641726.php\" target=\"_blank\" rel=\"noreferrer noopener\">Depuis, il porte la casquette du \u00ab&nbsp;monsieur commerces&nbsp;\u00bb du territoire<\/a>.\n \u00c9paul\u00e9 par deux autres coachs, Jean-Fran\u00e7ois Robin et \u00c9lodie Cloarec, \nLaurent Derbois tire un bilan positif de leurs missions. <br><\/p>\n\n\n\n<h2 class=\"wp-block-heading\">Un timing parfait malgr\u00e9 lui<\/h2>\n\n\n\n<p>C\u2019est l\u2019une des grandes probl\u00e9matiques depuis le d\u00e9but de la crise sanitaire.&nbsp;<a href=\"https:\/\/www.letelegramme.fr\/coronavirus\/les-commerces-plaident-pour-une-reouverture-imperative-au-plus-tard-le-10-mai-22-04-2021-12738990.php\" target=\"_blank\" rel=\"noreferrer noopener\">Comment les commerces vont-ils s\u2019en sortir&nbsp;?<\/a>\n \u00ab&nbsp;Le timing \u00e9tait parfait, bien qu\u2019al\u00e9atoire. On a mis en place le \ndispositif de coaching individuel au moment o\u00f9 les commer\u00e7ants des \ncentres-villes en avaient le plus besoin&nbsp;\u00bb se f\u00e9licite Solange Creignou,\n vice-pr\u00e9sidente de Morlaix Co en charge de l\u2019\u00e9conomie.<\/p>\n\n\n\n<h2 class=\"wp-block-heading\">\u00ab&nbsp;L\u2019occasion de r\u00e9interroger son m\u00e9tier&nbsp;\u00bb<\/h2>\n\n\n\n<p>Ces\n douze derniers mois, Morlaix Co a organis\u00e9 plusieurs sessions de \ntravail dans le pays de Morlaix. Le d\u00e9part fut timide, mais apr\u00e8s \nplusieurs campagnes de communication, quelques commer\u00e7ants ont franchi \nle pas. \u00ab&nbsp;C\u2019est l\u2019occasion pour eux de r\u00e9interroger leur m\u00e9tier et leurs\n m\u00e9thodes. On propose trois formules, mais on n\u2019arrive pas avec un panel\n de r\u00e9ponses d\u00e9j\u00e0 faites. On est sur du coaching personnalis\u00e9&nbsp;\u00bb explique\n Laurent Derbois.<\/p>\n\n\n\n<h2 class=\"wp-block-heading\">Strat\u00e9gie commerciale, merchandising et communication digitale<\/h2>\n\n\n\n<p>Chaque\n formule est prise en charge \u00e0 80&nbsp;% par Morlaix Co, avec un reste \u00e0 \ncharge d\u2019environ 150&nbsp;\u20ac. La premi\u00e8re formule est ax\u00e9e sur la strat\u00e9gie \ncommerciale, la deuxi\u00e8me s\u2019attaque au merchandising, et la troisi\u00e8me \u00e0 \nla communication digitale, \u00ab&nbsp;une source d\u2019angoisse pour les plus \nanciens, qui ont souvent peur des avis n\u00e9gatifs&nbsp;\u00bb, d\u2019apr\u00e8s le coach \nr\u00e9f\u00e9rent. \u00ab&nbsp;Certains commer\u00e7ants qui nous ont contact\u00e9s voulaient faire \n\u00e9voluer leurs m\u00e9thodes, gagner en productivit\u00e9, se r\u00e9organiser. On aide \naussi les projets de rachats ou de r\u00e9am\u00e9nagement.&nbsp;\u00bb<\/p>\n\n\n\n<h2 class=\"wp-block-heading\">Nouvelle population et euphorie du d\u00e9confinement<\/h2>\n\n\n\n<p><a href=\"https:\/\/www.letelegramme.fr\/bretagne\/pourquoi-les-bretons-boudent-les-centres-villes-23-01-2020-12485034.php\" target=\"_blank\" rel=\"noreferrer noopener\">\u00c0 une \u00e9poque o\u00f9 les centres-villes sont de plus en plus d\u00e9sert\u00e9s<\/a>,\n Morlaix Co souhaite faire perdurer ces commerces dans la centralit\u00e9, et\n \u00e9viter le ph\u00e9nom\u00e8ne des commerces vacants. \u00ab&nbsp;\u00c0 Morlaix, on remarque \nl\u2019arriv\u00e9e d\u2019une population urbaine, qui veut retrouver les services \nqu\u2019ils avaient dans les grandes villes, souligne&nbsp;<a href=\"https:\/\/www.letelegramme.fr\/dossiers\/portraits-dadjoints-au-maire-de-morlaix\/valerie-scattolin-pilote-du-commerce-et-du-tourisme-12-08-2020-12597366.php\" target=\"_blank\" rel=\"noreferrer noopener\">Val\u00e9rie Scatolin, adjointe au maire en charge du commerce et du tourisme<\/a>.<\/p>\n\n\n\n<p><a href=\"https:\/\/www.letelegramme.fr\/finistere\/morlaix\/a-morlaix-un-air-de-liberte-a-souffle-sur-le-centre-ville-19-05-2021-12752745.php\" target=\"_blank\" rel=\"noreferrer noopener\">Depuis la r\u00e9ouverture des terrasses et des commerces non essentiels le 19&nbsp;mai 2021<\/a>,\n Morlaix et les centres-bourgs des communes de son territoire ont trouv\u00e9\n un second souffle. \u00ab&nbsp;Tout revit depuis le 19&nbsp;mai. On a retrouv\u00e9 une \ntr\u00e8s belle ambiance dans le centre-ville&nbsp;\u00bb, se r\u00e9jouit Solange Creignou.<br><br><\/p>\n\n\n\n<p>La  saison estivale s\u2019annonce tr\u00e8s bonne pour les commerces, qui vont  probablement profiter de l\u2019euphorie du d\u00e9confinement. \u00ab&nbsp;C\u2019est surtout \u00e0  la fin de la saison qu\u2019il va falloir \u00eatre l\u00e0 pour les \u00e9pauler&nbsp;\u00bb, appuie  la charg\u00e9e de l\u2019\u00e9conomie \u00e0 Morlaix Co.<\/p>\n\n\n\n<p><em>Article paru dans l&rsquo;\u00e9dition du T\u00e9l\u00e9gramme du 9 juin 2021 <\/em><a href=\"https:\/\/www.letelegramme.fr\/finistere\/morlaix\/le-coaching-pour-commercants-un-outil-indispensable-08-06-2021-12764691.php\">https:\/\/www.letelegramme.fr\/finistere\/morlaix\/le-coaching-pour-commercants-un-outil-indispensable-08-06-2021-12764691.php<\/a><\/p>\n","protected":false},"excerpt":{"rendered":"<p>Le dispositif d\u2019accompagnement des commer\u00e7ants dresse un bilan positif, un an apr\u00e8s sa mise en place. \u00c0 travers ce coaching, Morlaix Co entend notamment p\u00e9renniser les commerces de centres-villes. C\u2019est &#8230;<\/p>\n","protected":false},"author":1,"featured_media":1576,"comment_status":"open","ping_status":"open","sticky":false,"template":"","format":"standard","meta":{"_monsterinsights_skip_tracking":false,"_monsterinsights_sitenote_active":false,"_monsterinsights_sitenote_note":"","_monsterinsights_sitenote_category":0,"footnotes":""},"categories":[4,1],"tags":[],"_links":{"self":[{"href":"http:\/\/philao.fr\/index.php?rest_route=\/wp\/v2\/posts\/1574"}],"collection":[{"href":"http:\/\/philao.fr\/index.php?rest_route=\/wp\/v2\/posts"}],"about":[{"href":"http:\/\/philao.fr\/index.php?rest_route=\/wp\/v2\/types\/post"}],"author":[{"embeddable":true,"href":"http:\/\/philao.fr\/index.php?rest_route=\/wp\/v2\/users\/1"}],"replies":[{"embeddable":true,"href":"http:\/\/philao.fr\/index.php?rest_route=%2Fwp%2Fv2%2Fcomments&post=1574"}],"version-history":[{"count":4,"href":"http:\/\/philao.fr\/index.php?rest_route=\/wp\/v2\/posts\/1574\/revisions"}],"predecessor-version":[{"id":2066,"href":"http:\/\/philao.fr\/index.php?rest_route=\/wp\/v2\/posts\/1574\/revisions\/2066"}],"wp:featuredmedia":[{"embeddable":true,"href":"http:\/\/philao.fr\/index.php?rest_route=\/wp\/v2\/media\/1576"}],"wp:attachment":[{"href":"http:\/\/philao.fr\/index.php?rest_route=%2Fwp%2Fv2%2Fmedia&parent=1574"}],"wp:term":[{"taxonomy":"category","embeddable":true,"href":"http:\/\/philao.fr\/index.php?rest_route=%2Fwp%2Fv2%2Fcategories&post=1574"},{"taxonomy":"post_tag","embeddable":true,"href":"http:\/\/philao.fr\/index.php?rest_route=%2Fwp%2Fv2%2Ftags&post=1574"}],"curies":[{"name":"wp","href":"https:\/\/api.w.org\/{rel}","templated":true}]}}